{"id":70,"date":"2021-09-28T14:11:32","date_gmt":"2021-09-28T12:11:32","guid":{"rendered":"https:\/\/www.csikvacsarcsi.ro\/?p=70"},"modified":"2021-09-28T14:11:51","modified_gmt":"2021-09-28T12:11:51","slug":"vacsarcsi-ertekei","status":"publish","type":"post","link":"https:\/\/www.csikvacsarcsi.ro\/index.php\/2021\/09\/28\/vacsarcsi-ertekei\/","title":{"rendered":"Vacs\u00e1rcsi \u00e9rt\u00e9kei"},"content":{"rendered":"<p><strong>\u00a0<\/strong>Vacs\u00e1rcsi Ifj\u00fas\u00e1gi \u00e9s Kultur\u00e1lis Egyes\u00fclet 2009-ben azzal a c\u00e9lkit\u0171z\u00e9ssel j\u00f6tt l\u00e9tre, hogy seg\u00edtse \u00e9s er\u0151s\u00edtse k\u00f6z\u00f6ss\u00e9g\u00fcnk t\u00e1rsadalmi, kultur\u00e1lis \u00e9s k\u00f6z\u00e9leti fejl\u0151d\u00e9s\u00e9t. Arendezv\u00e9nyeinken kereszt\u00fcl a c\u00e9l a hagyom\u00e1ny\u0151rz\u00e9s tov\u00e1bbad\u00e1sa, \u00e1pol\u00e1sa, gyakorl\u00e1sa, meg\u00e9l\u00e9se. Egyes\u00fclet\u00fcnk m\u0171k\u00f6d\u00e9se lehet\u0151s\u00e9get ny\u00fajt a kultur\u00e1lis \u00e9let megval\u00f3s\u00edt\u00e1s\u00e1ra, valamint az \u00e9rt\u00e9keink bemutat\u00e1s\u00e1ra, amelyek er\u0151s\u00edtik magyars\u00e1gtudatunkat, k\u00f6z\u00f6ss\u00e9g\u00fcnk hit\u00e9t \u00e9s erej\u00e9t.<\/p>\n<p>A falu hat\u00e1r\u00e1ban azonban olyan \u201ekincs\u201d van, amely nem csak a helyi, de eg\u00e9sz Sz\u00e9kelyf\u00f6ld k\u00f6z\u00e9pkori t\u00f6rt\u00e9nete szempontj\u00e1b\u00f3l kiemelked\u0151 jelent\u0151s\u00e9g\u0171. A falu keleti sz\u00e9l\u00e9n, a patak jobb, \u00e9szaki partj\u00e1n, mintegy k\u00e9t hekt\u00e1ron s\u0171r\u0171 r\u00e9g\u00e9szeti lel\u0151hely h\u00faz\u00f3dik, amit S\u00e1ndork\u00faria n\u00e9ven emlegetnek. A kasz\u00e1l\u00f3k\u00e9nt haszn\u00e1lt ter\u00fcleten ma is l\u00e1tszanak beomlott pincehelyek, \u00e9p\u00fcletekre utal\u00f3 halmok, \u00e9s a r\u00e9gi utaz\u00f3k besz\u00e1mol\u00f3i szerint itt m\u00e9g sz\u00e1z \u00e9ve is \u00e1lltak a romos k\u0151\u00e9p\u00fcletek falai.<\/p>\n<p>Az \u00e9rt\u00e9kek bemutat\u00e1s\u00e1t az id\u0151sekkel k\u00e9sz\u00edtett interj\u00fakkal kezdt\u00fck \u00e9s r\u00f6vid filmek seg\u00edts\u00e9g\u00e9vel k\u00e9pzelj\u00fck el \u00e9s ezekre a tev\u00e9kenys\u00e9gekre egy szakmai c\u00e9ggel szerz\u0151d\u00e9st k\u00f6t\u00fcnk. K\u00f6rbej\u00e1rjuk ezeket az \u00e9rt\u00e9keket, dokument\u00e1ljuk az \u00e1llapotukat, majd a kutat\u00e1s eredm\u00e9ny\u00e9t bemutatjuk a telep\u00fcl\u00e9s lak\u00f3inak. A honlapra (csikvacsarcsi.ro) f\u00e9nyk\u00e9pes \u00e9s sz\u00f6veges dokument\u00e1ci\u00f3t t\u00f6lt\u00fcnk fel a cs\u00edkvacs\u00e1rcsi \u00e9rt\u00e9kekr\u0151l. A filmek maxim\u00e1lis m\u00e9rete 10 perc, amelyekben bemutatjuk az \u00e9rt\u00e9keket r\u00e9gi \u00e9s aktu\u00e1lis f\u00e9nyk\u00e9pes dokument\u00e1ci\u00f3val, valamint megsz\u00f3laltatunk kultur\u00e1lis szakembereket, r\u00e9g\u00e9szeket valamint id\u0151s embereket \u00e9s iskol\u00e1sokat is egyar\u00e1nt. Els\u0151 sorban Bir\u00f3 M\u00e1ty\u00e1s 98 \u00e9ves h\u00e1bor\u00fas veter\u00e1nnal k\u00e9sz\u00edtett\u00fcnk filmet, majd folytatjuk tov\u00e1bbi felv\u00e9telekkel.<\/p>\n<p>A filmeket el\u00e9rhet\u0151v\u00e9 tessz\u00fck az Interneten \u00edgy nemcsak a k\u00f6rny\u00e9k \u00e9rdekl\u0151d\u0151i, hanem azok is, akik a telep\u00fcl\u00e9sr\u0151l sz\u00e1rmaznak \u00e9s az \u0150k ismer\u0151sei is \u00e9rtes\u00fclhetnek. A film t\u00e1mogat\u00f3ja a Communitas Alap\u00edtv\u00e1ny!<img loading=\"lazy\" decoding=\"async\" class=\"alignnone size-medium wp-image-60\" src=\"https:\/\/www.csikvacsarcsi.ro\/wp-content\/uploads\/2020\/12\/communitas_vizszintes-300x145.jpg\" alt=\"\" width=\"300\" height=\"145\" srcset=\"https:\/\/www.csikvacsarcsi.ro\/wp-content\/uploads\/2020\/12\/communitas_vizszintes-300x145.jpg 300w, https:\/\/www.csikvacsarcsi.ro\/wp-content\/uploads\/2020\/12\/communitas_vizszintes-768x371.jpg 768w, https:\/\/www.csikvacsarcsi.ro\/wp-content\/uploads\/2020\/12\/communitas_vizszintes.jpg 975w\" sizes=\"auto, (max-width: 300px) 100vw, 300px\" \/><\/p>\n","protected":false},"excerpt":{"rendered":"<p>\u00a0Vacs\u00e1rcsi Ifj\u00fas\u00e1gi \u00e9s Kultur\u00e1lis Egyes\u00fclet 2009-ben azzal a c\u00e9lkit\u0171z\u00e9ssel j\u00f6tt l\u00e9tre, hogy seg\u00edtse \u00e9s er\u0151s\u00edtse k\u00f6z\u00f6ss\u00e9g\u00fcnk t\u00e1rsadalmi, kultur\u00e1lis \u00e9s k\u00f6z\u00e9leti fejl\u0151d\u00e9s\u00e9t. Arendezv\u00e9nyeinken kereszt\u00fcl a c\u00e9l a hagyom\u00e1ny\u0151rz\u00e9s tov\u00e1bbad\u00e1sa, \u00e1pol\u00e1sa, gyakorl\u00e1sa, meg\u00e9l\u00e9se. Egyes\u00fclet\u00fcnk m\u0171k\u00f6d\u00e9se lehet\u0151s\u00e9get ny\u00fajt a kultur\u00e1lis \u00e9let megval\u00f3s\u00edt\u00e1s\u00e1ra, valamint az \u00e9rt\u00e9keink bemutat\u00e1s\u00e1ra, amelyek er\u0151s\u00edtik magyars\u00e1gtudatunkat, k\u00f6z\u00f6ss\u00e9g\u00fcnk hit\u00e9t \u00e9s erej\u00e9t. A falu hat\u00e1r\u00e1ban azonban olyan <a class=\"read-more\" href=\"https:\/\/www.csikvacsarcsi.ro\/index.php\/2021\/09\/28\/vacsarcsi-ertekei\/\">READ MORE<\/a><\/p>\n","protected":false},"author":1,"featured_media":0,"comment_status":"open","ping_status":"open","sticky":false,"template":"","format":"standard","meta":{"footnotes":""},"categories":[1],"tags":[],"class_list":["post-70","post","type-post","status-publish","format-standard","hentry","category-uncategorized"],"_links":{"self":[{"href":"https:\/\/www.csikvacsarcsi.ro\/index.php\/wp-json\/wp\/v2\/posts\/70","targetHints":{"allow":["GET"]}}],"collection":[{"href":"https:\/\/www.csikvacsarcsi.ro\/index.php\/wp-json\/wp\/v2\/posts"}],"about":[{"href":"https:\/\/www.csikvacsarcsi.ro\/index.php\/wp-json\/wp\/v2\/types\/post"}],"author":[{"embeddable":true,"href":"https:\/\/www.csikvacsarcsi.ro\/index.php\/wp-json\/wp\/v2\/users\/1"}],"replies":[{"embeddable":true,"href":"https:\/\/www.csikvacsarcsi.ro\/index.php\/wp-json\/wp\/v2\/comments?post=70"}],"version-history":[{"count":2,"href":"https:\/\/www.csikvacsarcsi.ro\/index.php\/wp-json\/wp\/v2\/posts\/70\/revisions"}],"predecessor-version":[{"id":72,"href":"https:\/\/www.csikvacsarcsi.ro\/index.php\/wp-json\/wp\/v2\/posts\/70\/revisions\/72"}],"wp:attachment":[{"href":"https:\/\/www.csikvacsarcsi.ro\/index.php\/wp-json\/wp\/v2\/media?parent=70"}],"wp:term":[{"taxonomy":"category","embeddable":true,"href":"https:\/\/www.csikvacsarcsi.ro\/index.php\/wp-json\/wp\/v2\/categories?post=70"},{"taxonomy":"post_tag","embeddable":true,"href":"https:\/\/www.csikvacsarcsi.ro\/index.php\/wp-json\/wp\/v2\/tags?post=70"}],"curies":[{"name":"wp","href":"https:\/\/api.w.org\/{rel}","templated":true}]}}