{"id":67,"date":"2021-08-10T14:53:28","date_gmt":"2021-08-10T12:53:28","guid":{"rendered":"https:\/\/www.csikvacsarcsi.ro\/?p=67"},"modified":"2021-09-06T14:54:22","modified_gmt":"2021-09-06T12:54:22","slug":"ifjusagi-hetvege-vacsarcsiban-2","status":"publish","type":"post","link":"https:\/\/www.csikvacsarcsi.ro\/index.php\/2021\/08\/10\/ifjusagi-hetvege-vacsarcsiban-2\/","title":{"rendered":"Ifj\u00fas\u00e1gi H\u00e9tv\u00e9ge Vacs\u00e1rcsiban"},"content":{"rendered":"<p>A V<strong><em>acs\u00e1rcsi Ifj\u00fas\u00e1gi \u00e9s Kultur\u00e1lis Egyes\u00fclet \u2013 VIKE <\/em><\/strong>legf\u0151bb c\u00e9lja a telep\u00fcl\u00e9s fiataljainak motiv\u00e1l\u00e1sa, hogy min\u00e9l akt\u00edvabban r\u00e9szt vegyenek a k\u00f6z\u00f6ss\u00e9g \u00e9let\u00e9nek megszervez\u00e9s\u00e9ben, illetve tudatos\u00edtani benn\u00fck, hogy az \u00e9letben val\u00f3 boldogul\u00e1suk itthon, a sz\u00fcl\u0151f\u00f6ld\u00f6n is lehets\u00e9ges, ahogy ezt m\u00e1r sokan bizony\u00edtj\u00e1k. Augusztus elej\u00e9n a telep\u00fcl\u00e9s b\u00facs\u00fa\u00fcnnep\u00e9n egy eg\u00e9sz h\u00e9tv\u00e9g\u00e9s programot szervezt\u00fcnk <strong>Ifj\u00fas\u00e1gi H\u00e9tv\u00e9ge Vacs\u00e1rcsiban <\/strong>c\u00edmmel<strong>.<\/strong><\/p>\n<p>Szombaton Bir\u00f3 M\u00e1ria a Vacs\u00e1rcsi Ifj\u00fas\u00e1gi \u00e9s Kultur\u00e1lis Egyes\u00fclet vezet\u0151je ismertette az esem\u00e9ny programj\u00e1t. \u00a0. Lehet\u0151s\u00e9get teremt\u00fcnk, hogy a fiatal tehets\u00e9gek megmutass\u00e1k tud\u00e1sukat a k\u00f6z\u00f6ns\u00e9gnek a j\u00e1rv\u00e1ny\u00fcgyi szab\u00e1lyok betart\u00e1s\u00e1val. Majd Fodor Zolt\u00e1n tartott el\u0151ad\u00e1st a p\u00e1ly\u00e1zatokr\u00f3l \u00e9s a projektek lebonyol\u00edt\u00e1s\u00e1r\u00f3l a csoport tagjainak. D\u00e9lut\u00e1n egy r\u00f6vid erdei kir\u00e1ndul\u00e1s \u00e9s term\u00e9szetv\u00e9delmi ismertet\u0151 szerepelt a programban.<\/p>\n<p>Vas\u00e1rnap este az esem\u00e9ny szentmis\u00e9vel kezd\u0151d\u00f6tt, majd az \u00fcnneps\u00e9g a Cserevir\u00e1g \u00e9tteremben folytat\u00f3dott. Bir\u00f3 M\u00e1ria a Vacs\u00e1rcsi Ifj\u00fas\u00e1gi \u00e9s Kultur\u00e1lis Egyes\u00fclet vezet\u0151je ismertette a mai nap programj\u00e1t. A Vacs\u00e1rcsi Cserevir\u00e1g N\u00e9pt\u00e1nccsoport t\u00e1ncosai k\u00f6sz\u00f6nt\u00f6tt\u00e9k az egybegy\u0171lteket.<\/p>\n<p>Rendezv\u00e9ny\u00fcnkkel, rem\u00e9lj\u00fck, hogy mindenki sz\u00e1m\u00e1ra siker\u00fclt \u00f6r\u00f6met szerezni, akik szeretik a hagyom\u00e1ny\u0151rz\u0151 rendezv\u00e9nyeket, el\u0151ad\u00e1sokat, sz\u00edvesen bekapcsol\u00f3dn\u00e1nak hasonl\u00f3 rendezv\u00e9nyek megszervez\u00e9s\u00e9be, ugyanis az eddigi \u00e9vek tapasztalatai, azt igazolj\u00e1k, hogy ig\u00e9ny van r\u00e1.<\/p>\n<p><strong>A rendezv\u00e9ny t\u00e1mogat\u00f3ja:<\/strong><\/p>\n<p><strong>\u00a0<\/strong><img loading=\"lazy\" decoding=\"async\" class=\"alignnone size-medium wp-image-60\" src=\"https:\/\/www.csikvacsarcsi.ro\/wp-content\/uploads\/2020\/12\/communitas_vizszintes-300x145.jpg\" alt=\"\" width=\"300\" height=\"145\" srcset=\"https:\/\/www.csikvacsarcsi.ro\/wp-content\/uploads\/2020\/12\/communitas_vizszintes-300x145.jpg 300w, https:\/\/www.csikvacsarcsi.ro\/wp-content\/uploads\/2020\/12\/communitas_vizszintes-768x371.jpg 768w, https:\/\/www.csikvacsarcsi.ro\/wp-content\/uploads\/2020\/12\/communitas_vizszintes.jpg 975w\" sizes=\"auto, (max-width: 300px) 100vw, 300px\" \/><\/p>\n","protected":false},"excerpt":{"rendered":"<p>A Vacs\u00e1rcsi Ifj\u00fas\u00e1gi \u00e9s Kultur\u00e1lis Egyes\u00fclet \u2013 VIKE legf\u0151bb c\u00e9lja a telep\u00fcl\u00e9s fiataljainak motiv\u00e1l\u00e1sa, hogy min\u00e9l akt\u00edvabban r\u00e9szt vegyenek a k\u00f6z\u00f6ss\u00e9g \u00e9let\u00e9nek megszervez\u00e9s\u00e9ben, illetve tudatos\u00edtani benn\u00fck, hogy az \u00e9letben val\u00f3 boldogul\u00e1suk itthon, a sz\u00fcl\u0151f\u00f6ld\u00f6n is lehets\u00e9ges, ahogy ezt m\u00e1r sokan bizony\u00edtj\u00e1k. Augusztus elej\u00e9n a telep\u00fcl\u00e9s b\u00facs\u00fa\u00fcnnep\u00e9n egy eg\u00e9sz h\u00e9tv\u00e9g\u00e9s programot szervezt\u00fcnk Ifj\u00fas\u00e1gi H\u00e9tv\u00e9ge Vacs\u00e1rcsiban c\u00edmmel. <a class=\"read-more\" href=\"https:\/\/www.csikvacsarcsi.ro\/index.php\/2021\/08\/10\/ifjusagi-hetvege-vacsarcsiban-2\/\">READ MORE<\/a><\/p>\n","protected":false},"author":1,"featured_media":0,"comment_status":"open","ping_status":"open","sticky":false,"template":"","format":"standard","meta":{"footnotes":""},"categories":[1],"tags":[],"class_list":["post-67","post","type-post","status-publish","format-standard","hentry","category-uncategorized"],"_links":{"self":[{"href":"https:\/\/www.csikvacsarcsi.ro\/index.php\/wp-json\/wp\/v2\/posts\/67","targetHints":{"allow":["GET"]}}],"collection":[{"href":"https:\/\/www.csikvacsarcsi.ro\/index.php\/wp-json\/wp\/v2\/posts"}],"about":[{"href":"https:\/\/www.csikvacsarcsi.ro\/index.php\/wp-json\/wp\/v2\/types\/post"}],"author":[{"embeddable":true,"href":"https:\/\/www.csikvacsarcsi.ro\/index.php\/wp-json\/wp\/v2\/users\/1"}],"replies":[{"embeddable":true,"href":"https:\/\/www.csikvacsarcsi.ro\/index.php\/wp-json\/wp\/v2\/comments?post=67"}],"version-history":[{"count":1,"href":"https:\/\/www.csikvacsarcsi.ro\/index.php\/wp-json\/wp\/v2\/posts\/67\/revisions"}],"predecessor-version":[{"id":68,"href":"https:\/\/www.csikvacsarcsi.ro\/index.php\/wp-json\/wp\/v2\/posts\/67\/revisions\/68"}],"wp:attachment":[{"href":"https:\/\/www.csikvacsarcsi.ro\/index.php\/wp-json\/wp\/v2\/media?parent=67"}],"wp:term":[{"taxonomy":"category","embeddable":true,"href":"https:\/\/www.csikvacsarcsi.ro\/index.php\/wp-json\/wp\/v2\/categories?post=67"},{"taxonomy":"post_tag","embeddable":true,"href":"https:\/\/www.csikvacsarcsi.ro\/index.php\/wp-json\/wp\/v2\/tags?post=67"}],"curies":[{"name":"wp","href":"https:\/\/api.w.org\/{rel}","templated":true}]}}