{"id":154,"date":"2023-11-19T08:49:58","date_gmt":"2023-11-19T06:49:58","guid":{"rendered":"https:\/\/www.csikvacsarcsi.ro\/?p=154"},"modified":"2023-12-02T08:52:41","modified_gmt":"2023-12-02T06:52:41","slug":"mukedvelo-szinjatszo-talalkozot-csikvacsarcsiban","status":"publish","type":"post","link":"https:\/\/www.csikvacsarcsi.ro\/index.php\/2023\/11\/19\/mukedvelo-szinjatszo-talalkozot-csikvacsarcsiban\/","title":{"rendered":"M\u0171kedvel\u0151 Sz\u00ednj\u00e1tsz\u00f3 Tal\u00e1lkoz\u00f3t Cs\u00edkvacs\u00e1rcsiban"},"content":{"rendered":"<ol start=\"2023\">\n<li><img loading=\"lazy\" decoding=\"async\" class=\"size-medium wp-image-60 alignright\" src=\"https:\/\/www.csikvacsarcsi.ro\/wp-content\/uploads\/2020\/12\/communitas_vizszintes-300x145.jpg\" alt=\"\" width=\"300\" height=\"145\" srcset=\"https:\/\/www.csikvacsarcsi.ro\/wp-content\/uploads\/2020\/12\/communitas_vizszintes-300x145.jpg 300w, https:\/\/www.csikvacsarcsi.ro\/wp-content\/uploads\/2020\/12\/communitas_vizszintes-768x371.jpg 768w, https:\/\/www.csikvacsarcsi.ro\/wp-content\/uploads\/2020\/12\/communitas_vizszintes.jpg 975w\" sizes=\"auto, (max-width: 300px) 100vw, 300px\" \/>okt\u00f3ber 29-\u00e9n, vas\u00e1rnap huszonegyedik alkalommal szerveztek M\u0171kedvel\u0151 Sz\u00ednj\u00e1tsz\u00f3 Tal\u00e1lkoz\u00f3t Cs\u00edkvacs\u00e1rcsiban. Az rendezv\u00e9ny f\u0151szervez\u0151je a Vacs\u00e1rcsi Ifj\u00fas\u00e1gi \u00e9s Kultur\u00e1lis Egyes\u00fclet volt.<\/li>\n<\/ol>\n<p><img loading=\"lazy\" decoding=\"async\" class=\"size-medium wp-image-155 alignleft\" style=\"font-style: inherit; letter-spacing: 0px;\" src=\"https:\/\/www.csikvacsarcsi.ro\/wp-content\/uploads\/2023\/12\/Szinjatszo2023b-300x90.jpg\" alt=\"\" width=\"300\" height=\"90\" srcset=\"https:\/\/www.csikvacsarcsi.ro\/wp-content\/uploads\/2023\/12\/Szinjatszo2023b-300x90.jpg 300w, https:\/\/www.csikvacsarcsi.ro\/wp-content\/uploads\/2023\/12\/Szinjatszo2023b-1024x309.jpg 1024w, https:\/\/www.csikvacsarcsi.ro\/wp-content\/uploads\/2023\/12\/Szinjatszo2023b-768x232.jpg 768w, https:\/\/www.csikvacsarcsi.ro\/wp-content\/uploads\/2023\/12\/Szinjatszo2023b-1536x463.jpg 1536w, https:\/\/www.csikvacsarcsi.ro\/wp-content\/uploads\/2023\/12\/Szinjatszo2023b-2048x618.jpg 2048w\" sizes=\"auto, (max-width: 300px) 100vw, 300px\" \/><\/p>\n<p>Az esem\u00e9nyt d\u00e9lut\u00e1n \u00f6<span style=\"font-size: 14px; letter-spacing: 0px;\">t \u00f3rakor kezd\u0151d\u00f6tt a cs\u00edkvacs\u00e1rcsi kult\u00farotthonban. Az egybegy\u0171lteket Fodor Zolt\u00e1n, a szervez\u0151 egyes\u00fclet programfelel\u0151se k\u00f6sz\u00f6nt\u00f6tte, majd szentegyh\u00e1zi Vigyorg\u00f3k Szinj\u00e1tsz\u00f3csoport anekdot\u00e1kat adott el\u0151, ut\u00e1nuk k\u00f6vetkezett a cs\u00edkvacs\u00e1rcsi B\u00fazavir\u00e1g N\u00e9pt\u00e1nccsoport felcs\u00edki t\u00e1ncokkal, majd a csobotfalvi Hagyom\u00e1ny\u0151rz\u0151 csoport bemutatta a Z\u00f6rd\u00f6g c\u00edm\u0171 parasztkom\u00e9di\u00e1t. A k\u00f6vetkez\u0151 fell\u00e9p\u0151 a cs\u00edkszentmih\u00e1lyi sz\u00ednj\u00e1tsz\u00f3 csoport volt, akik A n\u00e9ma levente c\u00edm\u0171 r\u00f6vid jelenetet mutatt\u00e1k be. A cs\u00edkvacs\u00e1rcsi Cserevir\u00e1g N\u00e9pt\u00e1nccsoport \u00e1ltal bemutatott s\u00f3vid\u00e9ki t\u00e1ncok ut\u00e1n pedig a Szentegyh\u00e1zi Vigyorg\u00f3k adt\u00e1k el\u0151 a Bosszuljuk meg c\u00edm\u0171 jelenetet. A m\u0171kedvel\u0151 csoportok ut\u00e1n Gy\u00f6rgy Botond humorista sz\u00f3rakoztatta a k\u00f6z\u00f6ns\u00e9get. <\/span>A rendezv\u00e9ny v\u00e9g\u00e9n a szervez\u0151k minden r\u00e9sztvev\u0151 csoportot d\u00edjazta, majd Dobos L\u00e1szl\u00f3, Cs\u00edkszentmih\u00e1ly k\u00f6zs\u00e9g alpolg\u00e1rmester\u00e9nek k\u00f6sz\u00f6nt\u0151je z\u00e1rta a rendezv\u00e9nyt.<\/p>\n<p>A tal\u00e1lkoz\u00f3 t\u00e1mogat\u00f3i: Communitas Alap\u00edtv\u00e1ny \u00e9s a Bethlen G\u00e1bor Alap, partnere pedig Cs\u00edkszentmih\u00e1ly \u00d6nkorm\u00e1nyzata.<\/p>\n","protected":false},"excerpt":{"rendered":"<p>okt\u00f3ber 29-\u00e9n, vas\u00e1rnap huszonegyedik alkalommal szerveztek M\u0171kedvel\u0151 Sz\u00ednj\u00e1tsz\u00f3 Tal\u00e1lkoz\u00f3t Cs\u00edkvacs\u00e1rcsiban. Az rendezv\u00e9ny f\u0151szervez\u0151je a Vacs\u00e1rcsi Ifj\u00fas\u00e1gi \u00e9s Kultur\u00e1lis Egyes\u00fclet volt. Az esem\u00e9nyt d\u00e9lut\u00e1n \u00f6t \u00f3rakor kezd\u0151d\u00f6tt a cs\u00edkvacs\u00e1rcsi kult\u00farotthonban. Az egybegy\u0171lteket Fodor Zolt\u00e1n, a szervez\u0151 egyes\u00fclet programfelel\u0151se k\u00f6sz\u00f6nt\u00f6tte, majd szentegyh\u00e1zi Vigyorg\u00f3k Szinj\u00e1tsz\u00f3csoport anekdot\u00e1kat adott el\u0151, ut\u00e1nuk k\u00f6vetkezett a cs\u00edkvacs\u00e1rcsi B\u00fazavir\u00e1g N\u00e9pt\u00e1nccsoport felcs\u00edki t\u00e1ncokkal, majd a <a class=\"read-more\" href=\"https:\/\/www.csikvacsarcsi.ro\/index.php\/2023\/11\/19\/mukedvelo-szinjatszo-talalkozot-csikvacsarcsiban\/\">READ MORE<\/a><\/p>\n","protected":false},"author":1,"featured_media":0,"comment_status":"open","ping_status":"open","sticky":false,"template":"","format":"standard","meta":{"footnotes":""},"categories":[1],"tags":[],"class_list":["post-154","post","type-post","status-publish","format-standard","hentry","category-uncategorized"],"_links":{"self":[{"href":"https:\/\/www.csikvacsarcsi.ro\/index.php\/wp-json\/wp\/v2\/posts\/154","targetHints":{"allow":["GET"]}}],"collection":[{"href":"https:\/\/www.csikvacsarcsi.ro\/index.php\/wp-json\/wp\/v2\/posts"}],"about":[{"href":"https:\/\/www.csikvacsarcsi.ro\/index.php\/wp-json\/wp\/v2\/types\/post"}],"author":[{"embeddable":true,"href":"https:\/\/www.csikvacsarcsi.ro\/index.php\/wp-json\/wp\/v2\/users\/1"}],"replies":[{"embeddable":true,"href":"https:\/\/www.csikvacsarcsi.ro\/index.php\/wp-json\/wp\/v2\/comments?post=154"}],"version-history":[{"count":3,"href":"https:\/\/www.csikvacsarcsi.ro\/index.php\/wp-json\/wp\/v2\/posts\/154\/revisions"}],"predecessor-version":[{"id":158,"href":"https:\/\/www.csikvacsarcsi.ro\/index.php\/wp-json\/wp\/v2\/posts\/154\/revisions\/158"}],"wp:attachment":[{"href":"https:\/\/www.csikvacsarcsi.ro\/index.php\/wp-json\/wp\/v2\/media?parent=154"}],"wp:term":[{"taxonomy":"category","embeddable":true,"href":"https:\/\/www.csikvacsarcsi.ro\/index.php\/wp-json\/wp\/v2\/categories?post=154"},{"taxonomy":"post_tag","embeddable":true,"href":"https:\/\/www.csikvacsarcsi.ro\/index.php\/wp-json\/wp\/v2\/tags?post=154"}],"curies":[{"name":"wp","href":"https:\/\/api.w.org\/{rel}","templated":true}]}}