{"id":127,"date":"2023-01-31T22:51:33","date_gmt":"2023-01-31T20:51:33","guid":{"rendered":"https:\/\/www.csikvacsarcsi.ro\/?p=127"},"modified":"2023-01-31T22:51:37","modified_gmt":"2023-01-31T20:51:37","slug":"cserevirag-neptanccsoport-mukodese","status":"publish","type":"post","link":"https:\/\/www.csikvacsarcsi.ro\/index.php\/2023\/01\/31\/cserevirag-neptanccsoport-mukodese\/","title":{"rendered":"Cserevir\u00e1g N\u00e9pt\u00e1nccsoport m\u0171k\u00f6d\u00e9se"},"content":{"rendered":"<p><img loading=\"lazy\" decoding=\"async\" class=\"size-medium wp-image-75 alignright\" src=\"https:\/\/www.csikvacsarcsi.ro\/wp-content\/uploads\/2021\/11\/csoori_alap_rgb-300x300.jpg\" alt=\"\" width=\"300\" height=\"300\" srcset=\"https:\/\/www.csikvacsarcsi.ro\/wp-content\/uploads\/2021\/11\/csoori_alap_rgb-300x300.jpg 300w, https:\/\/www.csikvacsarcsi.ro\/wp-content\/uploads\/2021\/11\/csoori_alap_rgb-1024x1024.jpg 1024w, https:\/\/www.csikvacsarcsi.ro\/wp-content\/uploads\/2021\/11\/csoori_alap_rgb-150x150.jpg 150w, https:\/\/www.csikvacsarcsi.ro\/wp-content\/uploads\/2021\/11\/csoori_alap_rgb-768x768.jpg 768w, https:\/\/www.csikvacsarcsi.ro\/wp-content\/uploads\/2021\/11\/csoori_alap_rgb-1536x1536.jpg 1536w, https:\/\/www.csikvacsarcsi.ro\/wp-content\/uploads\/2021\/11\/csoori_alap_rgb-2048x2048.jpg 2048w\" sizes=\"auto, (max-width: 300px) 100vw, 300px\" \/>A Cserevir\u00e1g Ifj\u00fas\u00e1gi N\u00e9pt\u00e1nccsoport 2011. december\u00e9ben alakult \u00fajra a falu k\u00f6z\u00e9piskol\u00e1s di\u00e1kjaib\u00f3l. Legf\u0151bb c\u00e9lkit\u0171z\u00e9sei k\u00f6z\u00e9 tartozik a sz\u00e9kely t\u00e1ncok megtanul\u00e1sa, valamint a n\u00e9pt\u00e1nc hagyom\u00e1nyok meg\u0151rz\u00e9se, \u00e1pol\u00e1sa \u00e9s tov\u00e1bbad\u00e1sa. Az elm\u00falt \u00e9vben (2021. j\u00falius 1. \u00e9s 2022. december 31.) sikeresen szerepeltek a Fiatalok a falu kultur\u00e1lis \u00e9let\u00e9ben c\u00edm\u0171 rendezv\u00e9nyen, Ezer Sz\u00e9kely Le\u00e1ny Napj\u00e1n, illetve a M\u0171kedvel\u0151k Szinj\u00e1tsz\u00f3 Tal\u00e1lkoz\u00f3n. A n\u00e9pt\u00e1nc csoport m\u0171sora elmaradhatatlan b\u00e1rmilyen rendezv\u00e9ny van Cs\u00edkszentmih\u00e1ly k\u00f6zs\u00e9gben. A csoport fell\u00e9pett a L\u00f3v\u00e9szen \u00e9s Cs\u00edkszentmih\u00e1lyon is. 2021. szeptember\u00e9ben a csoport n\u00e9h\u00e1ny tagja felcs\u00edki t\u00e1ncokat adott el\u0151 Szegedszentmih\u00e1lyon (Magyarorsz\u00e1gon).<br \/>\nCs\u00edkvacs\u00e1rcsiban m\u00e9g m\u0171k\u00f6dik a B\u00fazavir\u00e1g N\u00e9pt\u00e1nccsoport, akik \u00e1ltal\u00e1nos iskol\u00e1ba j\u00e1rnak, valamint a P\u00f6tt\u00f6m N\u00e9pt\u00e1nccsoport, akik k\u00e9t csoportra vannak osztva \u00f3vod\u00e1sok \u00e9s kisiskol\u00e1sok.<br \/>\nAz egy\u00fcttes koreogr\u00e1fi\u00e1i k\u00f6z\u00f6tt felcs\u00edki, marossz\u00e9ki, mez\u0151s\u00e9gi, k\u00fck\u00fcll\u0151menti, vajdaszentiv\u00e1nyi, szil\u00e1gys\u00e1gi \u00e9s szatm\u00e1ri t\u00e1ncok szerepelnek. Az egyes\u00fclet oktat\u00f3ja Antal Zsolt \u00e9s Hal\u00e1sz Anna, a Hargita Nemzeti Sz\u00e9kely N\u00e9pi Egy\u00fcttes t\u00e1ncosai. Az elm\u00falt \u00e9vben hetente alkalommal a vacs\u00e1rcsi kult\u00farotthonban n\u00e9pt\u00e1ncot tanultak a vacs\u00e1rcsi fiatalok. A P\u00f6tt\u00f6m T\u00e1nccsoportok felcs\u00edkit, a B\u00fazavir\u00e1g marossz\u00e9kit, a Cserevir\u00e1g t\u00e1nccsoport pedig vajdaszentiv\u00e1nyi \u00e9s szil\u00e1gys\u00e1gi t\u00e1ncokat saj\u00e1t\u00edtott el. Az oktat\u00e1s helysz\u00edne a vacs\u00e1rcsi kult\u00farotthon, melyet a helyi \u00f6nkorm\u00e1nyzat, valamint a Cs\u00edkvacs\u00e1rcsi K\u00f6zbirtokoss\u00e1g d\u00edjmentesen bocs\u00e1jt a n\u00e9pt\u00e1nc csoportok rendelkez\u00e9s\u00e9re.<br \/>\nA Cso\u00f3ri S\u00e1ndor Alapnak k\u00f6sz\u00f6nhet\u0151en az elm\u00falt \u00e9vekhez k\u00e9pest, kisz\u00e1m\u00edthat\u00f3bb\u00e1 v\u00e1lt a n\u00e9pt\u00e1ncoktat\u00e1s Cs\u00edkszentmih\u00e1ly k\u00f6zs\u00e9gben.<\/p>\n","protected":false},"excerpt":{"rendered":"<p>A Cserevir\u00e1g Ifj\u00fas\u00e1gi N\u00e9pt\u00e1nccsoport 2011. december\u00e9ben alakult \u00fajra a falu k\u00f6z\u00e9piskol\u00e1s di\u00e1kjaib\u00f3l. Legf\u0151bb c\u00e9lkit\u0171z\u00e9sei k\u00f6z\u00e9 tartozik a sz\u00e9kely t\u00e1ncok megtanul\u00e1sa, valamint a n\u00e9pt\u00e1nc hagyom\u00e1nyok meg\u0151rz\u00e9se, \u00e1pol\u00e1sa \u00e9s tov\u00e1bbad\u00e1sa. Az elm\u00falt \u00e9vben (2021. j\u00falius 1. \u00e9s 2022. december 31.) sikeresen szerepeltek a Fiatalok a falu kultur\u00e1lis \u00e9let\u00e9ben c\u00edm\u0171 rendezv\u00e9nyen, Ezer Sz\u00e9kely Le\u00e1ny Napj\u00e1n, illetve a M\u0171kedvel\u0151k <a class=\"read-more\" href=\"https:\/\/www.csikvacsarcsi.ro\/index.php\/2023\/01\/31\/cserevirag-neptanccsoport-mukodese\/\">READ MORE<\/a><\/p>\n","protected":false},"author":1,"featured_media":0,"comment_status":"open","ping_status":"open","sticky":false,"template":"","format":"standard","meta":{"footnotes":""},"categories":[1],"tags":[],"class_list":["post-127","post","type-post","status-publish","format-standard","hentry","category-uncategorized"],"_links":{"self":[{"href":"https:\/\/www.csikvacsarcsi.ro\/index.php\/wp-json\/wp\/v2\/posts\/127","targetHints":{"allow":["GET"]}}],"collection":[{"href":"https:\/\/www.csikvacsarcsi.ro\/index.php\/wp-json\/wp\/v2\/posts"}],"about":[{"href":"https:\/\/www.csikvacsarcsi.ro\/index.php\/wp-json\/wp\/v2\/types\/post"}],"author":[{"embeddable":true,"href":"https:\/\/www.csikvacsarcsi.ro\/index.php\/wp-json\/wp\/v2\/users\/1"}],"replies":[{"embeddable":true,"href":"https:\/\/www.csikvacsarcsi.ro\/index.php\/wp-json\/wp\/v2\/comments?post=127"}],"version-history":[{"count":1,"href":"https:\/\/www.csikvacsarcsi.ro\/index.php\/wp-json\/wp\/v2\/posts\/127\/revisions"}],"predecessor-version":[{"id":128,"href":"https:\/\/www.csikvacsarcsi.ro\/index.php\/wp-json\/wp\/v2\/posts\/127\/revisions\/128"}],"wp:attachment":[{"href":"https:\/\/www.csikvacsarcsi.ro\/index.php\/wp-json\/wp\/v2\/media?parent=127"}],"wp:term":[{"taxonomy":"category","embeddable":true,"href":"https:\/\/www.csikvacsarcsi.ro\/index.php\/wp-json\/wp\/v2\/categories?post=127"},{"taxonomy":"post_tag","embeddable":true,"href":"https:\/\/www.csikvacsarcsi.ro\/index.php\/wp-json\/wp\/v2\/tags?post=127"}],"curies":[{"name":"wp","href":"https:\/\/api.w.org\/{rel}","templated":true}]}}