{"id":12,"date":"2020-04-19T19:42:17","date_gmt":"2020-04-19T19:42:17","guid":{"rendered":"https:\/\/www.csikvacsarcsi.ro\/?p=12"},"modified":"2020-05-03T11:26:50","modified_gmt":"2020-05-03T09:26:50","slug":"gyermekbarat-tevekenysegek","status":"publish","type":"post","link":"https:\/\/www.csikvacsarcsi.ro\/index.php\/2020\/04\/19\/gyermekbarat-tevekenysegek\/","title":{"rendered":"Babszem Jank\u00f3 Napk\u00f6zi otthon gyermekbar\u00e1t tev\u00e9kenys\u00e9geinek fejleszt\u00e9se"},"content":{"rendered":"<p><img loading=\"lazy\" decoding=\"async\" class=\"size-medium wp-image-39 alignleft\" src=\"https:\/\/www.csikvacsarcsi.ro\/wp-content\/uploads\/2020\/04\/IMG_20200420_13081411-300x225.jpg\" alt=\"\" width=\"300\" height=\"225\" srcset=\"https:\/\/www.csikvacsarcsi.ro\/wp-content\/uploads\/2020\/04\/IMG_20200420_13081411-300x225.jpg 300w, https:\/\/www.csikvacsarcsi.ro\/wp-content\/uploads\/2020\/04\/IMG_20200420_13081411-1024x768.jpg 1024w, https:\/\/www.csikvacsarcsi.ro\/wp-content\/uploads\/2020\/04\/IMG_20200420_13081411-768x576.jpg 768w, https:\/\/www.csikvacsarcsi.ro\/wp-content\/uploads\/2020\/04\/IMG_20200420_13081411-1536x1152.jpg 1536w, https:\/\/www.csikvacsarcsi.ro\/wp-content\/uploads\/2020\/04\/IMG_20200420_13081411.jpg 1824w\" sizes=\"auto, (max-width: 300px) 100vw, 300px\" \/>2020 \u00e1prilis\u00e1ban \u00faj j\u00e1tsz\u00f3t\u00e9ri elemeket szereltek a Babszem Jank\u00f3 Napk\u00f6zi udvar\u00e1n a Bethlen G\u00e1bor Alap t\u00e1mogat\u00e1s\u00e1val a Babszem Jank\u00f3 Napk\u00f6zi otthon gyermekbar\u00e1t tev\u00e9kenys\u00e9geinek fejleszt\u00e9se c\u00edm\u0171 gyermekbar\u00e1t p\u00e1ly\u00e1zat keret\u00e9n bel\u00fcl. A p\u00e1ly\u00e1zat lebonyol\u00edt\u00f3ja a Vacs\u00e1rcsi Ifj\u00fas\u00e1gi \u00e9s Kultur\u00e1lis Egyes\u00fclet. A j\u00e1tsz\u00f3t\u00e9ri elemeket Papp Ferenc b\u00f6g\u00f6zi mester k\u00e9sz\u00edtette ak\u00e1cf\u00e1b\u00f3l. A j\u00e1tsz\u00f3t\u00e9ri elemek egy m\u00e1sz\u00f3k\u00e1t, egy cs\u00faszd\u00e1t \u00e9s k\u00e9t hint\u00e1t tartalmaznak.<\/p>\n<p>A napk\u00f6ziotthon j\u00e1tsz\u00f3tere olyan hely a k\u00f6zs\u00e9gben, ahol kultur\u00e1lt k\u00f6r\u00fclm\u00e9nyek k\u00f6z\u00f6tt t\u00f6lthetik idej\u00fcket a kisgyerekek. Egyes\u00fclet\u00fcnk c\u00e9lja, hogy seg\u00edts\u00fck k\u00f6z\u00f6ss\u00e9g\u00fcnk gyerekeit, hogy megkapjanak mindent, ami testi, lelki \u00e9s szellemi fejl\u0151d\u00e9s\u00fckh\u00f6z sz\u00fcks\u00e9ges. A gyermekek t\u00e1mogat\u00e1sa beruh\u00e1z\u00e1s a t\u00e1rsadalom j\u00f6v\u0151j\u00e9ben.<\/p>\n<p>A program t\u00e1mogat\u00f3ja a Bethlen G\u00e1bor Alap!<\/p>\n<p><img loading=\"lazy\" decoding=\"async\" class=\"alignnone size-medium wp-image-36\" src=\"https:\/\/www.csikvacsarcsi.ro\/wp-content\/uploads\/2020\/04\/bga_logo2019-300x66.jpg\" alt=\"\" width=\"300\" height=\"66\" srcset=\"https:\/\/www.csikvacsarcsi.ro\/wp-content\/uploads\/2020\/04\/bga_logo2019-300x66.jpg 300w, https:\/\/www.csikvacsarcsi.ro\/wp-content\/uploads\/2020\/04\/bga_logo2019-1024x225.jpg 1024w, https:\/\/www.csikvacsarcsi.ro\/wp-content\/uploads\/2020\/04\/bga_logo2019-768x169.jpg 768w, https:\/\/www.csikvacsarcsi.ro\/wp-content\/uploads\/2020\/04\/bga_logo2019-1536x338.jpg 1536w, https:\/\/www.csikvacsarcsi.ro\/wp-content\/uploads\/2020\/04\/bga_logo2019.jpg 1582w\" sizes=\"auto, (max-width: 300px) 100vw, 300px\" \/><\/p>\n","protected":false},"excerpt":{"rendered":"<p>2020 \u00e1prilis\u00e1ban \u00faj j\u00e1tsz\u00f3t\u00e9ri elemeket szereltek a Babszem Jank\u00f3 Napk\u00f6zi udvar\u00e1n a Bethlen G\u00e1bor Alap t\u00e1mogat\u00e1s\u00e1val a Babszem Jank\u00f3 Napk\u00f6zi otthon gyermekbar\u00e1t tev\u00e9kenys\u00e9geinek fejleszt\u00e9se c\u00edm\u0171 gyermekbar\u00e1t p\u00e1ly\u00e1zat keret\u00e9n bel\u00fcl. A p\u00e1ly\u00e1zat lebonyol\u00edt\u00f3ja a Vacs\u00e1rcsi Ifj\u00fas\u00e1gi \u00e9s Kultur\u00e1lis Egyes\u00fclet. A j\u00e1tsz\u00f3t\u00e9ri elemeket Papp Ferenc b\u00f6g\u00f6zi mester k\u00e9sz\u00edtette ak\u00e1cf\u00e1b\u00f3l. A j\u00e1tsz\u00f3t\u00e9ri elemek egy m\u00e1sz\u00f3k\u00e1t, egy cs\u00faszd\u00e1t \u00e9s <a class=\"read-more\" href=\"https:\/\/www.csikvacsarcsi.ro\/index.php\/2020\/04\/19\/gyermekbarat-tevekenysegek\/\">READ MORE<\/a><\/p>\n","protected":false},"author":1,"featured_media":0,"comment_status":"open","ping_status":"open","sticky":false,"template":"","format":"standard","meta":{"footnotes":""},"categories":[1],"tags":[],"class_list":["post-12","post","type-post","status-publish","format-standard","hentry","category-uncategorized"],"_links":{"self":[{"href":"https:\/\/www.csikvacsarcsi.ro\/index.php\/wp-json\/wp\/v2\/posts\/12","targetHints":{"allow":["GET"]}}],"collection":[{"href":"https:\/\/www.csikvacsarcsi.ro\/index.php\/wp-json\/wp\/v2\/posts"}],"about":[{"href":"https:\/\/www.csikvacsarcsi.ro\/index.php\/wp-json\/wp\/v2\/types\/post"}],"author":[{"embeddable":true,"href":"https:\/\/www.csikvacsarcsi.ro\/index.php\/wp-json\/wp\/v2\/users\/1"}],"replies":[{"embeddable":true,"href":"https:\/\/www.csikvacsarcsi.ro\/index.php\/wp-json\/wp\/v2\/comments?post=12"}],"version-history":[{"count":5,"href":"https:\/\/www.csikvacsarcsi.ro\/index.php\/wp-json\/wp\/v2\/posts\/12\/revisions"}],"predecessor-version":[{"id":41,"href":"https:\/\/www.csikvacsarcsi.ro\/index.php\/wp-json\/wp\/v2\/posts\/12\/revisions\/41"}],"wp:attachment":[{"href":"https:\/\/www.csikvacsarcsi.ro\/index.php\/wp-json\/wp\/v2\/media?parent=12"}],"wp:term":[{"taxonomy":"category","embeddable":true,"href":"https:\/\/www.csikvacsarcsi.ro\/index.php\/wp-json\/wp\/v2\/categories?post=12"},{"taxonomy":"post_tag","embeddable":true,"href":"https:\/\/www.csikvacsarcsi.ro\/index.php\/wp-json\/wp\/v2\/tags?post=12"}],"curies":[{"name":"wp","href":"https:\/\/api.w.org\/{rel}","templated":true}]}}